{"id":120,"date":"2010-11-09T19:16:13","date_gmt":"2010-11-09T19:16:13","guid":{"rendered":"http:\/\/www.amte.org.mx\/portal\/?p=120"},"modified":"2010-11-18T19:31:26","modified_gmt":"2010-11-18T19:31:26","slug":"logra-que-los-miembros-de-un-et-vean-este-movimiento-como-parte-de-su-trabajo","status":"publish","type":"post","link":"https:\/\/www.amte.org.mx\/portal\/logra-que-los-miembros-de-un-et-vean-este-movimiento-como-parte-de-su-trabajo\/","title":{"rendered":"Logra que los miembros de un ET vean este movimiento como parte de su trabajo"},"content":{"rendered":"<p>&#8211; Debe compartirse el m\u00e9rito con todos, \u00e9sta es la parte sut\u00edl, el compartir el logro y reconocimiento propicia que las mejoras sean \u00abpropias\u00bb.<br \/>\n&#8211; Esta coordinaci\u00f3n debe estar encabezada por la direcci\u00f3n es decir, con un respaldo de fondo para autorizar ya que de lo contrario, habr\u00e1 un bloqueo.<\/p>\n<p><em><strong>Linda Kasuga.<br \/>\nColegio de Graduados en Alta Direcci\u00f3n.<\/strong><\/em><\/p>\n<p><em><strong> <\/strong><\/em><\/p>\n<p><em><strong> <\/strong><\/em>&#8211; Los integrantes de los C.C.C. o equipos de trabajo en un principio separan las actividades de C.C.C. y su trabajo del d\u00eda a d\u00eda. Sin embargo, con la propia infraestructura de los sistemas organizacionales y un \u00absentido serio\u00bb de cambio de actitudes y desarrollo de habilidades y destrezas que les permitan ir tejiendo la tela de la calidad, las actividades propias de los C.C.C. o equipos de trabajo quedar\u00e1n totalmente integradas a sus actividades diarias.<br \/>\n&#8211; Las actividades de los C.C.C.deben realizarse dentro del horario normal de trabajo. En caso de requerirse fuera de este horario, deber\u00e1 pagarse \u00abtiempo extra\u00bb.<br \/>\n&#8211; Habr\u00e1 que hacer ver a los miembros de nuevo ingreso, desde el momento de la contrataci\u00f3n, durante las pl\u00e1ticas de inducci\u00f3n, que las actividades de los C.C.C. son parte de la filosof\u00eda de trabajo de la empresa. Asimismo hay que fomentar que lo aprendido en los C.C.C. se extrapole a actividades en la vida familiar.<br \/>\n&#8211; Son tres los elementos a tomar en cuenta para que todo esto suceda y que deben guardar el equilibrio: Conocimiento, Sistemas y Liderazgo.<\/p>\n<p><strong><em>Patricia Icaza<br \/>\nProcesos de Transformaci\u00f3n Organizacional<\/em><\/strong><\/p>\n","protected":false},"excerpt":{"rendered":"<p>&#8211; Debe compartirse el m\u00e9rito con todos, \u00e9sta es la parte sut\u00edl, el compartir el logro y reconocimiento propicia que las mejoras sean \u00abpropias\u00bb. &#8211; Esta coordinaci\u00f3n debe estar encabezada por la direcci\u00f3n es decir, con un respaldo de fondo para autorizar ya que de lo contrario, habr\u00e1 un bloqueo. &hellip;<\/p>\n","protected":false},"author":1,"featured_media":0,"comment_status":"closed","ping_status":"open","sticky":false,"template":"","format":"standard","meta":{"footnotes":""},"categories":[3],"tags":[],"class_list":["post-120","post","type-post","status-publish","format-standard","hentry","category-tips-y-consejos"],"_links":{"self":[{"href":"https:\/\/www.amte.org.mx\/portal\/wp-json\/wp\/v2\/posts\/120","targetHints":{"allow":["GET"]}}],"collection":[{"href":"https:\/\/www.amte.org.mx\/portal\/wp-json\/wp\/v2\/posts"}],"about":[{"href":"https:\/\/www.amte.org.mx\/portal\/wp-json\/wp\/v2\/types\/post"}],"author":[{"embeddable":true,"href":"https:\/\/www.amte.org.mx\/portal\/wp-json\/wp\/v2\/users\/1"}],"replies":[{"embeddable":true,"href":"https:\/\/www.amte.org.mx\/portal\/wp-json\/wp\/v2\/comments?post=120"}],"version-history":[{"count":3,"href":"https:\/\/www.amte.org.mx\/portal\/wp-json\/wp\/v2\/posts\/120\/revisions"}],"predecessor-version":[{"id":122,"href":"https:\/\/www.amte.org.mx\/portal\/wp-json\/wp\/v2\/posts\/120\/revisions\/122"}],"wp:attachment":[{"href":"https:\/\/www.amte.org.mx\/portal\/wp-json\/wp\/v2\/media?parent=120"}],"wp:term":[{"taxonomy":"category","embeddable":true,"href":"https:\/\/www.amte.org.mx\/portal\/wp-json\/wp\/v2\/categories?post=120"},{"taxonomy":"post_tag","embeddable":true,"href":"https:\/\/www.amte.org.mx\/portal\/wp-json\/wp\/v2\/tags?post=120"}],"curies":[{"name":"wp","href":"https:\/\/api.w.org\/{rel}","templated":true}]}}