{"id":141,"date":"2010-11-09T20:55:05","date_gmt":"2010-11-09T20:55:05","guid":{"rendered":"http:\/\/www.amte.org.mx\/portal\/?p=141"},"modified":"2010-11-09T20:55:05","modified_gmt":"2010-11-09T20:55:05","slug":"%c2%bfcomo-implementar-la-politica-de-circulos-de-calidad-en-la-organizacion","status":"publish","type":"post","link":"https:\/\/www.amte.org.mx\/portal\/%c2%bfcomo-implementar-la-politica-de-circulos-de-calidad-en-la-organizacion\/","title":{"rendered":"\u00bfC\u00f3mo implementar la pol\u00edtica de C\u00edrculos de Calidad en la Organizaci\u00f3n?"},"content":{"rendered":"<p>Nuestra sugerencia es que las pol\u00edticas establecidas por el Comit\u00e9 coordinador del Programa General de C\u00edrculos de Calidad, mas que pol\u00edticas sean gu\u00edas o sugerencias de acci\u00f3n y que cada f\u00e1brica desarrolle sus propias pol\u00edticas seg\u00fan lo que m\u00e1s le convenga, tomando en cuenta las caracter\u00edsticas y necesidades de su gente en su localidad.<\/p>\n<p>Esto es parte de la toma de decisiones descentralizadas que permitir\u00e1 alcanzar los objetivos de la mejor forma posible; mejor aun que si les limitamos su actuaci\u00f3n con un manual de pol\u00edticas inflexibles, que como puede que sirva para algunas localidades, puede que no funcione para otras.<\/p>\n<p><strong>P.- \u00bfCuales ser\u00e1n los puntos permitidos a tratar en los proyectos de los C\u00edrculos? <\/strong><\/p>\n<p>R.- Las posibilidades \u00e1reas mas comunes suelen ser calidad y productividad o una combinaci\u00f3n de ambas, u otras \u00e1reas en las que se presentan problemas que directa o indirectamente afecten las anteriores.<\/p>\n<p>Generalmente se definen los aspectos que no habr\u00e1n de tratarse en C\u00edrculos, tales como prestaciones, conflictos interpersonales y aspectos concernientes a contratos de trabajo. Recu\u00e9rdese en este punto que el objetivo de los C\u00edrculos de Calidad es la resoluci\u00f3n de problemas de trabajo mediante la participaci\u00f3n y desarrollo de la creatividad de todos, para que en esa medida tambi\u00e9n se logre una mejora en el desarrollo de las personas que forman los grupos de trabajo.<\/p>\n<p><strong>Sergio Garcilazo Lagunes<br \/>\nComit\u00e9 T\u00e9cnico del CNCCC<\/strong><\/p>\n","protected":false},"excerpt":{"rendered":"<p>Nuestra sugerencia es que las pol\u00edticas establecidas por el Comit\u00e9 coordinador del Programa General de C\u00edrculos de Calidad, mas que pol\u00edticas sean gu\u00edas o sugerencias de acci\u00f3n y que cada f\u00e1brica desarrolle sus propias pol\u00edticas seg\u00fan lo que m\u00e1s le convenga, tomando en cuenta las caracter\u00edsticas y necesidades de su &hellip;<\/p>\n","protected":false},"author":1,"featured_media":0,"comment_status":"closed","ping_status":"open","sticky":false,"template":"","format":"standard","meta":{"footnotes":""},"categories":[3],"tags":[],"class_list":["post-141","post","type-post","status-publish","format-standard","hentry","category-tips-y-consejos"],"_links":{"self":[{"href":"https:\/\/www.amte.org.mx\/portal\/wp-json\/wp\/v2\/posts\/141","targetHints":{"allow":["GET"]}}],"collection":[{"href":"https:\/\/www.amte.org.mx\/portal\/wp-json\/wp\/v2\/posts"}],"about":[{"href":"https:\/\/www.amte.org.mx\/portal\/wp-json\/wp\/v2\/types\/post"}],"author":[{"embeddable":true,"href":"https:\/\/www.amte.org.mx\/portal\/wp-json\/wp\/v2\/users\/1"}],"replies":[{"embeddable":true,"href":"https:\/\/www.amte.org.mx\/portal\/wp-json\/wp\/v2\/comments?post=141"}],"version-history":[{"count":2,"href":"https:\/\/www.amte.org.mx\/portal\/wp-json\/wp\/v2\/posts\/141\/revisions"}],"predecessor-version":[{"id":258,"href":"https:\/\/www.amte.org.mx\/portal\/wp-json\/wp\/v2\/posts\/141\/revisions\/258"}],"wp:attachment":[{"href":"https:\/\/www.amte.org.mx\/portal\/wp-json\/wp\/v2\/media?parent=141"}],"wp:term":[{"taxonomy":"category","embeddable":true,"href":"https:\/\/www.amte.org.mx\/portal\/wp-json\/wp\/v2\/categories?post=141"},{"taxonomy":"post_tag","embeddable":true,"href":"https:\/\/www.amte.org.mx\/portal\/wp-json\/wp\/v2\/tags?post=141"}],"curies":[{"name":"wp","href":"https:\/\/api.w.org\/{rel}","templated":true}]}}