{"id":17,"date":"2010-11-08T22:06:59","date_gmt":"2010-11-08T22:06:59","guid":{"rendered":"http:\/\/www.amte.org.mx\/portal\/?p=17"},"modified":"2011-01-06T02:32:11","modified_gmt":"2011-01-06T02:32:11","slug":"%c2%bfcomo-ser-un-verdadero-equipo-siendo-todos-los-miembros-tan-diferentes","status":"publish","type":"post","link":"https:\/\/www.amte.org.mx\/portal\/%c2%bfcomo-ser-un-verdadero-equipo-siendo-todos-los-miembros-tan-diferentes\/","title":{"rendered":"\u00bfC\u00f3mo ser un verdadero equipo siendo todos los miembros tan diferentes?"},"content":{"rendered":"<p>Es precisamente la diversidad lo que nos hace diferentes.<\/p>\n<p>De acuerdo con el diccionario enciclop\u00e9dico se tiene lo siguiente respecto a la palabra Diverso, origen de la llamada diversidad.<\/p>\n<p><strong>DIVERSO, SA.(del lat. diversus). Adj. Diferente distinto, desemejante. \/ pl. Varios muchos.- R\u00e9g. DIVERSO de los dem\u00e1s; -en- Car\u00e1cter. \u2013ACAD. <\/strong><\/p>\n<p>La diversidad puede ser tambi\u00e9n una tremenda fuerza de desarrollo de la creatividad. Cada diferencia puede ser la fuente de un diferente punto de vista, una fuente de informaci\u00f3n adicional al tomar en cuenta la diferencia en cultura, lenguaje, sexo, edad, raza, educaci\u00f3n, trabajo, regi\u00f3n de origen, etc&#8230;<\/p>\n<p>Lo m\u00e1s dif\u00edcil del trabajo en equipo es aprender a valorar la diversidad, debiendo aprender cada uno y a\u00fan estar a la b\u00fasqueda de diferencias, tener respeto mutuo entre los miembros del grupo y un enfoque a la contribuci\u00f3n del prop\u00f3sito com\u00fan.<\/p>\n<p><strong>C\u00f3mo valorar la diversidad <\/strong><\/p>\n<p>\u2022\tEvite suposiciones o estereotipos para o\u00edr lo que realmente dicen.<br \/>\n\u2022\tDefina las cosas con cuidado y alcance el consenso sobre el significado.<br \/>\n\u2022\tUse ejemplos para mostrar el entendimiento.<br \/>\n\u2022\tUse los pronombres nosotros y ellos (evite pronombres que dividan).<br \/>\n\u2022\tEnfoque habilidades, evite inhabilidades.<br \/>\n\u2022\tSea paciente para que participen todos.<br \/>\n\u2022\tRecuerde que usted es minor\u00eda.<br \/>\n\u2022\tEscuche cuidadosamente.<br \/>\n\u2022\t\u00bfQu\u00e9 diversidad tiene o lo intimida?<br \/>\n\u2022\t\u00bfC\u00f3mo afecta a sus quehaceres o acciones?<\/p>\n<p><strong>Yo soy ASI. <\/strong><\/p>\n<p>De su actitud depende como trabaja con otros, aunque tambi\u00e9n de su aptitud, por lo tanto el resultado o el \u00e9xito en suma es funci\u00f3n de su actitud y aptitud.<\/p>\n<p>Carlos Gonz\u00e1lez Gonz\u00e1lez<br \/>\nComit\u00e9 T\u00e9cnico de AMTE<\/span><\/p>\n","protected":false},"excerpt":{"rendered":"<p>Es precisamente la diversidad lo que nos hace diferentes. De acuerdo con el diccionario enciclop\u00e9dico se tiene lo siguiente respecto a la palabra Diverso, origen de la llamada diversidad. DIVERSO, SA.(del lat. diversus). Adj. Diferente distinto, desemejante. \/ pl. Varios muchos.- R\u00e9g. DIVERSO de los dem\u00e1s; -en- Car\u00e1cter. \u2013ACAD. La &hellip;<\/p>\n","protected":false},"author":1,"featured_media":0,"comment_status":"closed","ping_status":"open","sticky":false,"template":"","format":"standard","meta":{"footnotes":""},"categories":[1],"tags":[],"class_list":["post-17","post","type-post","status-publish","format-standard","hentry","category-editoriales"],"_links":{"self":[{"href":"https:\/\/www.amte.org.mx\/portal\/wp-json\/wp\/v2\/posts\/17","targetHints":{"allow":["GET"]}}],"collection":[{"href":"https:\/\/www.amte.org.mx\/portal\/wp-json\/wp\/v2\/posts"}],"about":[{"href":"https:\/\/www.amte.org.mx\/portal\/wp-json\/wp\/v2\/types\/post"}],"author":[{"embeddable":true,"href":"https:\/\/www.amte.org.mx\/portal\/wp-json\/wp\/v2\/users\/1"}],"replies":[{"embeddable":true,"href":"https:\/\/www.amte.org.mx\/portal\/wp-json\/wp\/v2\/comments?post=17"}],"version-history":[{"count":4,"href":"https:\/\/www.amte.org.mx\/portal\/wp-json\/wp\/v2\/posts\/17\/revisions"}],"predecessor-version":[{"id":426,"href":"https:\/\/www.amte.org.mx\/portal\/wp-json\/wp\/v2\/posts\/17\/revisions\/426"}],"wp:attachment":[{"href":"https:\/\/www.amte.org.mx\/portal\/wp-json\/wp\/v2\/media?parent=17"}],"wp:term":[{"taxonomy":"category","embeddable":true,"href":"https:\/\/www.amte.org.mx\/portal\/wp-json\/wp\/v2\/categories?post=17"},{"taxonomy":"post_tag","embeddable":true,"href":"https:\/\/www.amte.org.mx\/portal\/wp-json\/wp\/v2\/tags?post=17"}],"curies":[{"name":"wp","href":"https:\/\/api.w.org\/{rel}","templated":true}]}}