{"id":2068,"date":"2015-09-15T13:38:13","date_gmt":"2015-09-15T18:38:13","guid":{"rendered":"http:\/\/www.amte.org.mx\/portal\/?p=2068"},"modified":"2015-09-29T17:14:37","modified_gmt":"2015-09-29T22:14:37","slug":"programa-de-actividades-cancun-2015","status":"publish","type":"post","link":"https:\/\/www.amte.org.mx\/portal\/programa-de-actividades-cancun-2015\/","title":{"rendered":"Programa de Actividades"},"content":{"rendered":"<p><img fetchpriority=\"high\" decoding=\"async\" class=\"alignnone wp-image-2065 size-full\" src=\"http:\/\/www.amte.org.mx\/portal\/wp-content\/uploads\/2015\/09\/Programa-de-Actividades.png\" alt=\"Programa de Actividades\" width=\"760\" height=\"100\" srcset=\"https:\/\/www.amte.org.mx\/portal\/wp-content\/uploads\/2015\/09\/Programa-de-Actividades.png 760w, https:\/\/www.amte.org.mx\/portal\/wp-content\/uploads\/2015\/09\/Programa-de-Actividades-300x39.png 300w, https:\/\/www.amte.org.mx\/portal\/wp-content\/uploads\/2015\/09\/Programa-de-Actividades-624x82.png 624w\" sizes=\"(max-width: 760px) 100vw, 760px\" \/><img decoding=\"async\" class=\"alignnone wp-image-2124 size-large\" src=\"http:\/\/www.amte.org.mx\/portal\/wp-content\/uploads\/2015\/09\/Programa-2015-1024x576.png\" alt=\"Programa 2015\" width=\"625\" height=\"352\" srcset=\"https:\/\/www.amte.org.mx\/portal\/wp-content\/uploads\/2015\/09\/Programa-2015-1024x576.png 1024w, https:\/\/www.amte.org.mx\/portal\/wp-content\/uploads\/2015\/09\/Programa-2015-300x169.png 300w, https:\/\/www.amte.org.mx\/portal\/wp-content\/uploads\/2015\/09\/Programa-2015-624x351.png 624w, https:\/\/www.amte.org.mx\/portal\/wp-content\/uploads\/2015\/09\/Programa-2015.png 1920w\" sizes=\"(max-width: 625px) 100vw, 625px\" \/><\/p>\n<h6><em>*Evento privado incluido en el <span style=\"color: #0000ff;\"><a style=\"color: #0000ff;\" href=\"http:\/\/www.amte.org.mx\/portal\/competencia\/evento-publico\/3\/\" target=\"_blank\">PAQUETE AMTE CODEVEN<\/a><\/span>; precio para participantes con otros paquetes $348.00 impuestos incluidos.<\/em><\/h6>\n<h6><em>**Evento privado incluido en el <span style=\"color: #0000ff;\"><a style=\"color: #0000ff;\" href=\"http:\/\/www.amte.org.mx\/portal\/competencia\/evento-publico\/3\/\" target=\"_blank\">PAQUETE AMTE CODEVEN<\/a><\/span>; precio para participantes con otros paquetes $563.00 impuestos incluidos.<\/em><\/h6>\n<h6><strong>Se dar\u00e1 a conocer el orden de presentaci\u00f3n de los finalistas, en el Sorteo P\u00fablico-Martes 20 de Octubre.<\/strong><\/h6>\n","protected":false},"excerpt":{"rendered":"<p>*Evento privado incluido en el PAQUETE AMTE CODEVEN; precio para participantes con otros paquetes $348.00 impuestos incluidos. **Evento privado incluido en el PAQUETE AMTE CODEVEN; precio para participantes con otros paquetes $563.00 impuestos incluidos. Se dar\u00e1 a conocer el orden de presentaci\u00f3n de los finalistas, en el Sorteo P\u00fablico-Martes 20 &hellip;<\/p>\n","protected":false},"author":4,"featured_media":0,"comment_status":"closed","ping_status":"closed","sticky":false,"template":"","format":"standard","meta":{"footnotes":""},"categories":[1],"tags":[],"class_list":["post-2068","post","type-post","status-publish","format-standard","hentry","category-editoriales"],"_links":{"self":[{"href":"https:\/\/www.amte.org.mx\/portal\/wp-json\/wp\/v2\/posts\/2068","targetHints":{"allow":["GET"]}}],"collection":[{"href":"https:\/\/www.amte.org.mx\/portal\/wp-json\/wp\/v2\/posts"}],"about":[{"href":"https:\/\/www.amte.org.mx\/portal\/wp-json\/wp\/v2\/types\/post"}],"author":[{"embeddable":true,"href":"https:\/\/www.amte.org.mx\/portal\/wp-json\/wp\/v2\/users\/4"}],"replies":[{"embeddable":true,"href":"https:\/\/www.amte.org.mx\/portal\/wp-json\/wp\/v2\/comments?post=2068"}],"version-history":[{"count":6,"href":"https:\/\/www.amte.org.mx\/portal\/wp-json\/wp\/v2\/posts\/2068\/revisions"}],"predecessor-version":[{"id":2132,"href":"https:\/\/www.amte.org.mx\/portal\/wp-json\/wp\/v2\/posts\/2068\/revisions\/2132"}],"wp:attachment":[{"href":"https:\/\/www.amte.org.mx\/portal\/wp-json\/wp\/v2\/media?parent=2068"}],"wp:term":[{"taxonomy":"category","embeddable":true,"href":"https:\/\/www.amte.org.mx\/portal\/wp-json\/wp\/v2\/categories?post=2068"},{"taxonomy":"post_tag","embeddable":true,"href":"https:\/\/www.amte.org.mx\/portal\/wp-json\/wp\/v2\/tags?post=2068"}],"curies":[{"name":"wp","href":"https:\/\/api.w.org\/{rel}","templated":true}]}}