{"id":69,"date":"2010-11-08T23:43:01","date_gmt":"2010-11-08T23:43:01","guid":{"rendered":"http:\/\/www.amte.org.mx\/portal\/?p=69"},"modified":"2010-11-17T20:06:59","modified_gmt":"2010-11-17T20:06:59","slug":"%c2%bfcomo-planificar-un-evento","status":"publish","type":"post","link":"https:\/\/www.amte.org.mx\/portal\/%c2%bfcomo-planificar-un-evento\/","title":{"rendered":"\u00bfC\u00f3mo planificar un evento?"},"content":{"rendered":"<p>La planificaci\u00f3n es fundamental para una buena coordinaci\u00f3n entre todas las partes que intervienen en la realizaci\u00f3n de un evento y permite aumentar las posibilidades de tener resultados positivos.<\/p>\n<p>Ese plan debe convertirse en una estrategia espec\u00edfica y consistente, representada por acciones concretas.<\/p>\n<p>Tambi\u00e9n debe plantear y detallar acciones dirigidas a cumplir objetivos espec\u00edficos.<\/p>\n<p>Para cada objetivo se deben definir las acciones a efectuar, anticipar los posibles problemas por resolver, priorizar sus soluciones, asignar recursos y responsabilidades y dise\u00f1ar medidas de seguimiento que permitan evaluar los avances y los resultados.<\/p>\n<p>+ <a href=\"http:\/\/www.amte.org.mx\/portal\/wp-content\/uploads\/2010\/11\/Planificar_Evento.pdf\" target=\"_blank\">Descargar Planificar Evento<\/a><\/p>\n","protected":false},"excerpt":{"rendered":"<p>La planificaci\u00f3n es fundamental para una buena coordinaci\u00f3n entre todas las partes que intervienen en la realizaci\u00f3n de un evento y permite aumentar las posibilidades de tener resultados positivos. Ese plan debe convertirse en una estrategia espec\u00edfica y consistente, representada por acciones concretas. Tambi\u00e9n debe plantear y detallar acciones dirigidas &hellip;<\/p>\n","protected":false},"author":1,"featured_media":0,"comment_status":"closed","ping_status":"open","sticky":false,"template":"","format":"standard","meta":{"footnotes":""},"categories":[1],"tags":[],"class_list":["post-69","post","type-post","status-publish","format-standard","hentry","category-editoriales"],"_links":{"self":[{"href":"https:\/\/www.amte.org.mx\/portal\/wp-json\/wp\/v2\/posts\/69","targetHints":{"allow":["GET"]}}],"collection":[{"href":"https:\/\/www.amte.org.mx\/portal\/wp-json\/wp\/v2\/posts"}],"about":[{"href":"https:\/\/www.amte.org.mx\/portal\/wp-json\/wp\/v2\/types\/post"}],"author":[{"embeddable":true,"href":"https:\/\/www.amte.org.mx\/portal\/wp-json\/wp\/v2\/users\/1"}],"replies":[{"embeddable":true,"href":"https:\/\/www.amte.org.mx\/portal\/wp-json\/wp\/v2\/comments?post=69"}],"version-history":[{"count":4,"href":"https:\/\/www.amte.org.mx\/portal\/wp-json\/wp\/v2\/posts\/69\/revisions"}],"predecessor-version":[{"id":71,"href":"https:\/\/www.amte.org.mx\/portal\/wp-json\/wp\/v2\/posts\/69\/revisions\/71"}],"wp:attachment":[{"href":"https:\/\/www.amte.org.mx\/portal\/wp-json\/wp\/v2\/media?parent=69"}],"wp:term":[{"taxonomy":"category","embeddable":true,"href":"https:\/\/www.amte.org.mx\/portal\/wp-json\/wp\/v2\/categories?post=69"},{"taxonomy":"post_tag","embeddable":true,"href":"https:\/\/www.amte.org.mx\/portal\/wp-json\/wp\/v2\/tags?post=69"}],"curies":[{"name":"wp","href":"https:\/\/api.w.org\/{rel}","templated":true}]}}